{"id":14458,"date":"2022-09-20T16:23:43","date_gmt":"2022-09-20T19:23:43","guid":{"rendered":"https:\/\/www.buenosairesfreewalks.com\/spanish\/?p=14458"},"modified":"2022-09-20T16:36:54","modified_gmt":"2022-09-20T19:36:54","slug":"murales-de-eva-peron","status":"publish","type":"post","link":"https:\/\/www.buenosairesfreewalks.com\/spanish\/que-ver\/murales-de-eva-peron\/","title":{"rendered":"Murales de Eva Per\u00f3n"},"content":{"rendered":"<p><strong>Murales de Eva Per\u00f3n<\/strong>, los detalles que se esconden detr\u00e1s de los murales m\u00e1s imponentes que ver\u00e1s sobre Av. 9 de Julio.<\/p>\n<p>Se trata de <strong>dos im\u00e1genes inmensas que se encuentran en el Edificio del Ministerio de Obras P\u00fablicas<\/strong>, a cada lado de las fachadas sur y norte, que se ven desde Av. 9 de Julio, en direcci\u00f3n de ambos sentidos.<!--more--><\/p>\n<p><img data-recalc-dims=\"1\" loading=\"lazy\" decoding=\"async\" class=\"size-full wp-image-14460 alignright\" src=\"https:\/\/i0.wp.com\/www.buenosairesfreewalks.com\/spanish\/wp-content\/uploads\/2022\/09\/evamural2.jpg?resize=300%2C200&#038;ssl=1\" alt=\"Murales de Eva Per\u00f3n\" width=\"300\" height=\"200\" srcset=\"https:\/\/i0.wp.com\/www.buenosairesfreewalks.com\/spanish\/wp-content\/uploads\/2022\/09\/evamural2.jpg?w=300&amp;ssl=1 300w, https:\/\/i0.wp.com\/www.buenosairesfreewalks.com\/spanish\/wp-content\/uploads\/2022\/09\/evamural2.jpg?resize=272%2C182&amp;ssl=1 272w\" sizes=\"auto, (max-width: 300px) 100vw, 300px\" \/>Se ubican en este edificio desde el <strong>a\u00f1o 2011, y su autor fue Alejandro Marmo<\/strong>, reconocido escultor que fue ayudado por varios pintores, entre ellos, Daniel Santoro, en cuanto a la digitalizaci\u00f3n de las im\u00e1genes.<\/p>\n<p>El motivo de la elecci\u00f3n de este edificio para colgar los murales de Eva Per\u00f3n, no es un detalle menor: <strong>en este edificio, la mandataria dio su discurso de Renuncia frente a millones de seguidores.<\/strong><\/p>\n<p>Las figuras est\u00e1n hechas en <strong>acero con un total de 31mts de alto y 24mts de ancho.<\/strong> Su <strong>peso es de 14 toneladas<\/strong> y de noche, est\u00e1n <strong>iluminadas con tecnolog\u00eda de Led<\/strong>, formando la bandera nacional en la parte inferior.<\/p>\n<p><img data-recalc-dims=\"1\" loading=\"lazy\" decoding=\"async\" class=\"size-full wp-image-14461 alignleft\" src=\"https:\/\/i0.wp.com\/www.buenosairesfreewalks.com\/spanish\/wp-content\/uploads\/2022\/09\/muraleva3.jpg?resize=300%2C200&#038;ssl=1\" alt=\"Murales de Eva Per\u00f3n\" width=\"300\" height=\"200\" srcset=\"https:\/\/i0.wp.com\/www.buenosairesfreewalks.com\/spanish\/wp-content\/uploads\/2022\/09\/muraleva3.jpg?w=300&amp;ssl=1 300w, https:\/\/i0.wp.com\/www.buenosairesfreewalks.com\/spanish\/wp-content\/uploads\/2022\/09\/muraleva3.jpg?resize=272%2C182&amp;ssl=1 272w\" sizes=\"auto, (max-width: 300px) 100vw, 300px\" \/>Sobre la simbolog\u00eda de estos murales, podemos decir que <strong>la cara que mira hacia el sur de Gran Buenos Aires, posee el retrato de la Evita de los pobres, bondadosa y sonriente, dado que de ese lado de la ciudad, se ubican los barrios obreros y las zonas de f\u00e1bricas.<\/strong> Del <strong>lado norte<\/strong>, zona m\u00e1s aristocr\u00e1tica de la ciudad, se encuentra la <strong>Eva m\u00e1s combativa, dando discurso al pueblo.<\/strong> As\u00ed, denota que los murales se alinean con la hist\u00f3rica divisi\u00f3n de Buenos Aires.<\/p>\n<p>Como dato curioso, en la cara norte, se encuentra oculto entre los trazos del rodete de Evita, el<strong> n\u00famero 2025<\/strong>. Este n\u00famero, representa el horario en que Eva Duarte de Per\u00f3n <strong>falleci\u00f3: a las 20:25hs del 26 de Julio de 1952.<\/strong><\/p>\n<p><a href=\"https:\/\/www.buenosairesfreewalks.com\/spanish\/personalidades\/eva-duarte-de-peron\/\" target=\"_blank\" rel=\"noopener\">Aqu\u00ed te contamos mucho m\u00e1s acerca de esta emblem\u00e1tica figura pol\u00edtica<\/a>, tan aclamada y amada por el pueblo argentino.<\/p>\n<p><a href=\"https:\/\/www.buenosairesfreewalks.com\/spanish\/barrio\/centro\/un-dia-en-san-telmo-y-microcentro\/\" target=\"_blank\" rel=\"noopener\">En esta nota, te dejamos toda la informaci\u00f3n sobre lo que puedes hacer en la zona de Microcentro.<\/a><\/p>\n<p>Para conocer a\u00fan m\u00e1s acerca de la ciudad y sus detalles, <a href=\"https:\/\/www.buenosairesfreewalks.com\/spanish\/\" target=\"_blank\" rel=\"noopener\">te invitamos a unirte aqu\u00ed a nuestros Free Tours!<\/a><\/p>\n<p>&nbsp;<\/p>\n<h4>Mapa de Ubicaci\u00f3n<\/h4>\n<p><iframe loading=\"lazy\" style=\"border: 0;\" src=\"https:\/\/www.google.com\/maps\/embed?pb=!1m18!1m12!1m3!1d3378529.9332072283!2d-64.16596587371903!3d-34.214192008285195!2m3!1f0!2f0!3f0!3m2!1i1024!2i768!4f13.1!3m3!1m2!1s0x95bccad0c93c15c7%3A0xc3a94b19f6ad54b!2sMurales%20de%20Eva%20Per%C3%B3n!5e0!3m2!1ses!2sar!4v1663701791014!5m2!1ses!2sar\" width=\"600\" height=\"450\" allowfullscreen=\"allowfullscreen\"><\/iframe><\/p>\n","protected":false},"excerpt":{"rendered":"<p>Murales de Eva Per\u00f3n, los detalles que se esconden detr\u00e1s de los murales m\u00e1s imponentes que ver\u00e1s sobre Av. 9 de Julio. Se trata de dos im\u00e1genes inmensas que se encuentran en el Edificio del Ministerio de Obras P\u00fablicas, a cada lado de las fachadas sur y norte, que se ven desde Av. 9 de [&hellip;]<\/p>\n","protected":false},"author":1,"featured_media":14459,"comment_status":"open","ping_status":"open","sticky":false,"template":"","format":"standard","meta":{"_jetpack_memberships_contains_paid_content":false,"footnotes":""},"categories":[572],"tags":[],"class_list":["post-14458","post","type-post","status-publish","format-standard","has-post-thumbnail","hentry","category-que-ver"],"yoast_head":"<!-- This site is optimized with the Yoast SEO plugin v27.4 - https:\/\/yoast.com\/product\/yoast-seo-wordpress\/ -->\n<title>Murales de Eva Per\u00f3n | Buenos Aires Free Walks<\/title>\n<meta name=\"description\" content=\"Murales de Eva Per\u00f3n, todos los detalles que se esconden detr\u00e1s de los murales m\u00e1s imponentes que ver\u00e1s sobre Av. 9 de Julio.\" \/>\n<meta name=\"robots\" content=\"index, follow, max-snippet:-1, max-image-preview:large, max-video-preview:-1\" \/>\n<link rel=\"canonical\" href=\"https:\/\/www.buenosairesfreewalks.com\/spanish\/que-ver\/murales-de-eva-peron\/\" \/>\n<meta property=\"og:locale\" content=\"es_ES\" \/>\n<meta property=\"og:type\" content=\"article\" \/>\n<meta property=\"og:title\" content=\"Murales de Eva Per\u00f3n | Buenos Aires Free Walks\" \/>\n<meta property=\"og:description\" content=\"Murales de Eva Per\u00f3n, todos los detalles que se esconden detr\u00e1s de los murales m\u00e1s imponentes que ver\u00e1s sobre Av. 9 de Julio.\" \/>\n<meta property=\"og:url\" content=\"https:\/\/www.buenosairesfreewalks.com\/spanish\/que-ver\/murales-de-eva-peron\/\" \/>\n<meta property=\"og:site_name\" content=\"Buenos Aires Free Walks\" \/>\n<meta property=\"article:published_time\" content=\"2022-09-20T19:23:43+00:00\" \/>\n<meta property=\"article:modified_time\" content=\"2022-09-20T19:36:54+00:00\" \/>\n<meta property=\"og:image\" content=\"https:\/\/www.buenosairesfreewalks.com\/spanish\/wp-content\/uploads\/2022\/09\/evamural_portada.jpg\" \/>\n\t<meta property=\"og:image:width\" content=\"1200\" \/>\n\t<meta property=\"og:image:height\" content=\"600\" \/>\n\t<meta property=\"og:image:type\" content=\"image\/jpeg\" \/>\n<meta name=\"author\" content=\"Free Walks\" \/>\n<meta name=\"twitter:card\" content=\"summary_large_image\" \/>\n<meta name=\"twitter:label1\" content=\"Escrito por\" \/>\n\t<meta name=\"twitter:data1\" content=\"Free Walks\" \/>\n\t<meta name=\"twitter:label2\" content=\"Tiempo de lectura\" \/>\n\t<meta name=\"twitter:data2\" content=\"3 minutos\" \/>\n<!-- \/ Yoast SEO plugin. -->","yoast_head_json":{"title":"Murales de Eva Per\u00f3n | Buenos Aires Free Walks","description":"Murales de Eva Per\u00f3n, todos los detalles que se esconden detr\u00e1s de los murales m\u00e1s imponentes que ver\u00e1s sobre Av. 9 de Julio.","robots":{"index":"index","follow":"follow","max-snippet":"max-snippet:-1","max-image-preview":"max-image-preview:large","max-video-preview":"max-video-preview:-1"},"canonical":"https:\/\/www.buenosairesfreewalks.com\/spanish\/que-ver\/murales-de-eva-peron\/","og_locale":"es_ES","og_type":"article","og_title":"Murales de Eva Per\u00f3n | Buenos Aires Free Walks","og_description":"Murales de Eva Per\u00f3n, todos los detalles que se esconden detr\u00e1s de los murales m\u00e1s imponentes que ver\u00e1s sobre Av. 9 de Julio.","og_url":"https:\/\/www.buenosairesfreewalks.com\/spanish\/que-ver\/murales-de-eva-peron\/","og_site_name":"Buenos Aires Free Walks","article_published_time":"2022-09-20T19:23:43+00:00","article_modified_time":"2022-09-20T19:36:54+00:00","og_image":[{"width":1200,"height":600,"url":"https:\/\/www.buenosairesfreewalks.com\/spanish\/wp-content\/uploads\/2022\/09\/evamural_portada.jpg","type":"image\/jpeg"}],"author":"Free Walks","twitter_card":"summary_large_image","twitter_misc":{"Escrito por":"Free Walks","Tiempo de lectura":"3 minutos"},"schema":{"@context":"https:\/\/schema.org","@graph":[{"@type":"Article","@id":"https:\/\/www.buenosairesfreewalks.com\/spanish\/que-ver\/murales-de-eva-peron\/#article","isPartOf":{"@id":"https:\/\/www.buenosairesfreewalks.com\/spanish\/que-ver\/murales-de-eva-peron\/"},"author":{"name":"Free Walks","@id":"https:\/\/www.buenosairesfreewalks.com\/spanish\/#\/schema\/person\/dce399cd8b4deeac2634e082f915794c"},"headline":"Murales de Eva Per\u00f3n","datePublished":"2022-09-20T19:23:43+00:00","dateModified":"2022-09-20T19:36:54+00:00","mainEntityOfPage":{"@id":"https:\/\/www.buenosairesfreewalks.com\/spanish\/que-ver\/murales-de-eva-peron\/"},"wordCount":386,"commentCount":0,"image":{"@id":"https:\/\/www.buenosairesfreewalks.com\/spanish\/que-ver\/murales-de-eva-peron\/#primaryimage"},"thumbnailUrl":"https:\/\/i0.wp.com\/www.buenosairesfreewalks.com\/spanish\/wp-content\/uploads\/2022\/09\/evamural_portada.jpg?fit=1200%2C600&ssl=1","articleSection":["Que ver"],"inLanguage":"es-AR","potentialAction":[{"@type":"CommentAction","name":"Comment","target":["https:\/\/www.buenosairesfreewalks.com\/spanish\/que-ver\/murales-de-eva-peron\/#respond"]}]},{"@type":"WebPage","@id":"https:\/\/www.buenosairesfreewalks.com\/spanish\/que-ver\/murales-de-eva-peron\/","url":"https:\/\/www.buenosairesfreewalks.com\/spanish\/que-ver\/murales-de-eva-peron\/","name":"Murales de Eva Per\u00f3n | Buenos Aires Free Walks","isPartOf":{"@id":"https:\/\/www.buenosairesfreewalks.com\/spanish\/#website"},"primaryImageOfPage":{"@id":"https:\/\/www.buenosairesfreewalks.com\/spanish\/que-ver\/murales-de-eva-peron\/#primaryimage"},"image":{"@id":"https:\/\/www.buenosairesfreewalks.com\/spanish\/que-ver\/murales-de-eva-peron\/#primaryimage"},"thumbnailUrl":"https:\/\/i0.wp.com\/www.buenosairesfreewalks.com\/spanish\/wp-content\/uploads\/2022\/09\/evamural_portada.jpg?fit=1200%2C600&ssl=1","datePublished":"2022-09-20T19:23:43+00:00","dateModified":"2022-09-20T19:36:54+00:00","author":{"@id":"https:\/\/www.buenosairesfreewalks.com\/spanish\/#\/schema\/person\/dce399cd8b4deeac2634e082f915794c"},"description":"Murales de Eva Per\u00f3n, todos los detalles que se esconden detr\u00e1s de los murales m\u00e1s imponentes que ver\u00e1s sobre Av. 9 de Julio.","breadcrumb":{"@id":"https:\/\/www.buenosairesfreewalks.com\/spanish\/que-ver\/murales-de-eva-peron\/#breadcrumb"},"inLanguage":"es-AR","potentialAction":[{"@type":"ReadAction","target":["https:\/\/www.buenosairesfreewalks.com\/spanish\/que-ver\/murales-de-eva-peron\/"]}]},{"@type":"ImageObject","inLanguage":"es-AR","@id":"https:\/\/www.buenosairesfreewalks.com\/spanish\/que-ver\/murales-de-eva-peron\/#primaryimage","url":"https:\/\/i0.wp.com\/www.buenosairesfreewalks.com\/spanish\/wp-content\/uploads\/2022\/09\/evamural_portada.jpg?fit=1200%2C600&ssl=1","contentUrl":"https:\/\/i0.wp.com\/www.buenosairesfreewalks.com\/spanish\/wp-content\/uploads\/2022\/09\/evamural_portada.jpg?fit=1200%2C600&ssl=1","width":1200,"height":600,"caption":"Murales de Eva Per\u00f3n"},{"@type":"BreadcrumbList","@id":"https:\/\/www.buenosairesfreewalks.com\/spanish\/que-ver\/murales-de-eva-peron\/#breadcrumb","itemListElement":[{"@type":"ListItem","position":1,"name":"Home","item":"https:\/\/www.buenosairesfreewalks.com\/spanish\/"},{"@type":"ListItem","position":2,"name":"Murales de Eva Per\u00f3n"}]},{"@type":"WebSite","@id":"https:\/\/www.buenosairesfreewalks.com\/spanish\/#website","url":"https:\/\/www.buenosairesfreewalks.com\/spanish\/","name":"Buenos Aires Free Walks","description":"Los Mejores Tours Gratis en Buenos Aires","potentialAction":[{"@type":"SearchAction","target":{"@type":"EntryPoint","urlTemplate":"https:\/\/www.buenosairesfreewalks.com\/spanish\/?s={search_term_string}"},"query-input":{"@type":"PropertyValueSpecification","valueRequired":true,"valueName":"search_term_string"}}],"inLanguage":"es-AR"},{"@type":"Person","@id":"https:\/\/www.buenosairesfreewalks.com\/spanish\/#\/schema\/person\/dce399cd8b4deeac2634e082f915794c","name":"Free Walks","image":{"@type":"ImageObject","inLanguage":"es-AR","@id":"https:\/\/secure.gravatar.com\/avatar\/cd67a9467fd175bde4cdfe7ebd3199788e97fb329e3ea88fd8755654e324b841?s=96&d=mm&r=g","url":"https:\/\/secure.gravatar.com\/avatar\/cd67a9467fd175bde4cdfe7ebd3199788e97fb329e3ea88fd8755654e324b841?s=96&d=mm&r=g","contentUrl":"https:\/\/secure.gravatar.com\/avatar\/cd67a9467fd175bde4cdfe7ebd3199788e97fb329e3ea88fd8755654e324b841?s=96&d=mm&r=g","caption":"Free Walks"},"url":"https:\/\/www.buenosairesfreewalks.com\/spanish\/author\/admin\/"}]}},"jetpack_featured_media_url":"https:\/\/i0.wp.com\/www.buenosairesfreewalks.com\/spanish\/wp-content\/uploads\/2022\/09\/evamural_portada.jpg?fit=1200%2C600&ssl=1","jetpack_sharing_enabled":true,"_links":{"self":[{"href":"https:\/\/www.buenosairesfreewalks.com\/spanish\/wp-json\/wp\/v2\/posts\/14458","targetHints":{"allow":["GET"]}}],"collection":[{"href":"https:\/\/www.buenosairesfreewalks.com\/spanish\/wp-json\/wp\/v2\/posts"}],"about":[{"href":"https:\/\/www.buenosairesfreewalks.com\/spanish\/wp-json\/wp\/v2\/types\/post"}],"author":[{"embeddable":true,"href":"https:\/\/www.buenosairesfreewalks.com\/spanish\/wp-json\/wp\/v2\/users\/1"}],"replies":[{"embeddable":true,"href":"https:\/\/www.buenosairesfreewalks.com\/spanish\/wp-json\/wp\/v2\/comments?post=14458"}],"version-history":[{"count":2,"href":"https:\/\/www.buenosairesfreewalks.com\/spanish\/wp-json\/wp\/v2\/posts\/14458\/revisions"}],"predecessor-version":[{"id":14463,"href":"https:\/\/www.buenosairesfreewalks.com\/spanish\/wp-json\/wp\/v2\/posts\/14458\/revisions\/14463"}],"wp:featuredmedia":[{"embeddable":true,"href":"https:\/\/www.buenosairesfreewalks.com\/spanish\/wp-json\/wp\/v2\/media\/14459"}],"wp:attachment":[{"href":"https:\/\/www.buenosairesfreewalks.com\/spanish\/wp-json\/wp\/v2\/media?parent=14458"}],"wp:term":[{"taxonomy":"category","embeddable":true,"href":"https:\/\/www.buenosairesfreewalks.com\/spanish\/wp-json\/wp\/v2\/categories?post=14458"},{"taxonomy":"post_tag","embeddable":true,"href":"https:\/\/www.buenosairesfreewalks.com\/spanish\/wp-json\/wp\/v2\/tags?post=14458"}],"curies":[{"name":"wp","href":"https:\/\/api.w.org\/{rel}","templated":true}]}}